[{"@context":"https:\/\/schema.org\/","@type":"Article","@id":"https:\/\/www.uniad.cz\/co-umoznuji-centra-socialne-rehabilitacnich-sluzeb\/#Article","mainEntityOfPage":"https:\/\/www.uniad.cz\/co-umoznuji-centra-socialne-rehabilitacnich-sluzeb\/","headline":"Co umo\u017e\u0148uj\u00ed centra soci\u00e1ln\u011b rehabilita\u010dn\u00edch slu\u017eeb","name":"Co umo\u017e\u0148uj\u00ed centra soci\u00e1ln\u011b rehabilita\u010dn\u00edch slu\u017eeb","description":"B\u00fdt v\u00a0\u00fastran\u00ed a na okraji spole\u010dnosti je pro mnoho posti\u017een\u00fdch osob typick\u00e9. Maj\u00ed k\u00a0tomu pochopiteln\u011b sv\u00e9 vlastn\u00ed d\u016fvody, z\u00e1rove\u0148 b\u00fdv\u00e1&hellip;","datePublished":"2025-03-04","dateModified":"2023-04-29","author":{"@type":"Person","@id":"https:\/\/www.uniad.cz\/author\/#Person","name":"uniad.cz\n","url":"https:\/\/www.uniad.cz\/author\/","identifier":1,"image":{"@type":"ImageObject","@id":"https:\/\/secure.gravatar.com\/avatar\/06473a178d94fb830b46e277369729e9534f2612e261ec2f1ee96b672ef473e2?s=96&d=mm&r=g","url":"https:\/\/secure.gravatar.com\/avatar\/06473a178d94fb830b46e277369729e9534f2612e261ec2f1ee96b672ef473e2?s=96&d=mm&r=g","height":96,"width":96}},"publisher":{"@type":"Organization","name":"uniad.cz","logo":{"@type":"ImageObject","@id":"\/logo.png","url":"\/logo.png","width":600,"height":60}},"image":{"@type":"ImageObject","@id":"https:\/\/www.uniad.cz\/wp-content\/uploads\/img_a313577_w2396_t1524391812.jpg","url":"https:\/\/www.uniad.cz\/wp-content\/uploads\/img_a313577_w2396_t1524391812.jpg","height":0,"width":0},"url":"https:\/\/www.uniad.cz\/co-umoznuji-centra-socialne-rehabilitacnich-sluzeb\/","about":["Slu\u017eby"],"wordCount":479,"articleBody":"B\u00fdt v\u00a0\u00fastran\u00ed a na okraji spole\u010dnosti je pro mnoho posti\u017een\u00fdch osob typick\u00e9. Maj\u00ed k\u00a0tomu pochopiteln\u011b sv\u00e9 vlastn\u00ed d\u016fvody, z\u00e1rove\u0148 b\u00fdv\u00e1 \u010dasto probl\u00e9m v\u00a0lidech zdrav\u00fdch, kte\u0159\u00ed nejsou schopni adekv\u00e1tn\u011b posti\u017eenou osobu mezi sebe p\u0159ijmout. Je to v\u017edy proces n\u00e1ro\u010dn\u00fd, zdlouhav\u00fd, kter\u00fd prov\u011b\u0159\u00ed mor\u00e1ln\u00ed vlastnosti v\u0161ech z\u00fa\u010dastn\u011bn\u00fdch.Centra soci\u00e1ln\u00edch rehabilitac\u00ed si kladou za c\u00edl stimulovat sv\u00e9 klienty k\u00a0samostatn\u00e9 a nez\u00e1visl\u00e9 \u010dinnosti, zejm\u00e9na v\u00a0oblasti p\u00e9\u010de o sebe sama, a podle mo\u017enost\u00ed zajistit podporu p\u0159i \u00fa\u010dasti v\u00a0aktivn\u00edm spole\u010densk\u00e9m \u017eivot\u011b a ve v\u00fdkonu povol\u00e1n\u00ed.\tJak\u00e9 jsou c\u00edle slu\u017eeb t\u011bchto center\t\tPoskytovat ubytov\u00e1n\u00ed klient\u016fm.\u00a0 To konkr\u00e9tn\u011b znamen\u00e1 zajistit nejen prostor pro dostate\u010dn\u00e9 soukrom\u00ed, ale i pomoc p\u0159i zaji\u0161t\u011bn\u00ed \u00faklidov\u00fdch prac\u00ed, \u017eehlen\u00ed a pran\u00ed pr\u00e1dla, pomoci p\u0159i od\u00edv\u00e1n\u00ed a \u00faprav\u011b l\u016f\u017ekovin apod.\t\tZajistit stravu, kter\u00e1 odpov\u00edd\u00e1 dietn\u00edmu re\u017eimu, v\u011bku a fyzick\u00e9 kondici klienta. Jde o minim\u00e1ln\u011b 3 hlavn\u00ed chody j\u00eddla v\u00a0pr\u016fb\u011bhu dne, v\u011bt\u0161inou se k\u00a0nim za\u0159azuj\u00ed i dv\u011b nebo t\u0159i men\u0161\u00ed p\u0159esn\u00edd\u00e1vky a sva\u010diny.\t\tVypom\u00e1hat p\u0159i zaji\u0161t\u011bn\u00ed osobn\u00ed hygieny a zajistit dostate\u010dn\u00e9 podm\u00ednky pro jej\u00ed prov\u00e1d\u011bn\u00ed, tzn. sprchov\u00e1n\u00ed, koupel\u00ed, p\u00e9\u010di o vlasy a \u00fastn\u00ed dutinu, starost o intimn\u00ed partie, chodidla a nehty, zabezpe\u010den\u00ed p\u0159\u00edstupu na toalety.\t\tNacvi\u010dovat s\u00a0posti\u017een\u00fdmi z\u00e1kladn\u00ed dovednosti p\u0159i p\u00e9\u010di o sebe sama, co\u017e podporuje sob\u011bsta\u010dnost a nez\u00e1vislost a l\u00e9pe klienty za\u010dlen\u00ed do kolektivu zdrav\u00fdch lid\u00ed. N\u00e1cvik spo\u010d\u00edv\u00e1 i ve specifick\u00e9 v\u00fduce zvl\u00e1d\u00e1n\u00ed obsluhy dom\u00e1c\u00edch spot\u0159ebi\u010d\u016f, \u00faklidov\u00fdch prac\u00ed, drobn\u00fdch \u00fadr\u017eb\u00e1\u0159sk\u00fdch prac\u00ed v\u00a0byt\u011b nebo v\u00a0dom\u011b, nakupov\u00e1n\u00ed a zaji\u0161\u0165ov\u00e1n\u00ed potravin, od\u011bv\u016f a obuvi, ale i kontaktu s\u00a0\u00fa\u0159ady.\t\tZprost\u0159edkov\u00e1n\u00ed n\u00e1cviku r\u016fzn\u00fdch spole\u010densk\u00fdch aktivit, nap\u0159. zp\u016fsob\u016f komunikace s\u00a0lidmi, schopnost vyhled\u00e1v\u00e1n\u00ed a zpracov\u00e1n\u00ed informac\u00ed, vyu\u017eit\u00ed hromadn\u00fdch dopravn\u00edch prost\u0159edk\u016f, nacvi\u010dov\u00e1n\u00ed chov\u00e1n\u00ed ve spole\u010dnosti p\u0159i r\u016fzn\u00fdch situac\u00edch.\t\tVyzdvihovat v\u00a0posti\u017een\u00fdch osob\u00e1ch jejich vlastn\u00ed schopnosti a dovednosti v\u00a0oblasti psychiky a soci\u00e1ln\u00edch oblast\u00ed a rovn\u011b\u017e jejich motorick\u00e9 dovednosti a manu\u00e1ln\u00ed zru\u010dnosti.\t\tPom\u00e1hat p\u0159i uplatn\u011bn\u00ed pr\u00e1va na zaji\u0161t\u011bn\u00ed kompenza\u010dn\u00edch pom\u016fcek, rehabilita\u010dn\u00edch p\u0159\u00edstroj\u016f a pomocn\u00fdch technick\u00fdch za\u0159\u00edzen\u00ed, orientovat klienty v\u00a0legislativ\u011b a ve zm\u011bn\u00e1ch v\u00a0n\u00e1roc\u00edch na pat\u0159i\u010dn\u00e9 prost\u0159edky a slu\u017eby.                                                                                                                                                                                                                                                                                                                                                                                        4.1\/5 - (16 votes)        "},{"@context":"https:\/\/schema.org\/","@type":"BreadcrumbList","itemListElement":[{"@type":"ListItem","position":1,"name":"Co umo\u017e\u0148uj\u00ed centra soci\u00e1ln\u011b rehabilita\u010dn\u00edch slu\u017eeb","item":"https:\/\/www.uniad.cz\/co-umoznuji-centra-socialne-rehabilitacnich-sluzeb\/#breadcrumbitem"}]}]