[{"@context":"https:\/\/schema.org\/","@type":"Article","@id":"https:\/\/www.uniad.cz\/mejte-svuj-macbook-stylovy-a-v-bezpeci\/#Article","mainEntityOfPage":"https:\/\/www.uniad.cz\/mejte-svuj-macbook-stylovy-a-v-bezpeci\/","headline":"M\u011bjte sv\u016fj Macbook stylov\u00fd a v bezpe\u010d\u00ed","name":"M\u011bjte sv\u016fj Macbook stylov\u00fd a v bezpe\u010d\u00ed","description":"Kdy\u017e jsem si po\u0159\u00eddila sv\u016fj prvn\u00ed MacBook, m\u011bla jsem z n\u011bj \u00fapln\u011b skv\u011bl\u00fd pocit. Kr\u00e1sn\u00fd, elegantn\u00ed, lehk\u00fd, prost\u011b radost pohled\u011bt&hellip;","datePublished":"2025-04-15","dateModified":"2025-04-15","author":{"@type":"Person","@id":"https:\/\/www.uniad.cz\/author\/#Person","name":"uniad.cz\n","url":"https:\/\/www.uniad.cz\/author\/","identifier":1,"image":{"@type":"ImageObject","@id":"https:\/\/secure.gravatar.com\/avatar\/06473a178d94fb830b46e277369729e9534f2612e261ec2f1ee96b672ef473e2?s=96&d=mm&r=g","url":"https:\/\/secure.gravatar.com\/avatar\/06473a178d94fb830b46e277369729e9534f2612e261ec2f1ee96b672ef473e2?s=96&d=mm&r=g","height":96,"width":96}},"publisher":{"@type":"Organization","name":"uniad.cz","logo":{"@type":"ImageObject","@id":"\/logo.png","url":"\/logo.png","width":600,"height":60}},"image":{"@type":"ImageObject","@id":"https:\/\/www.uniad.cz\/wp-content\/uploads\/obal%20na%20macbook%201.jpg","url":"https:\/\/www.uniad.cz\/wp-content\/uploads\/obal%20na%20macbook%201.jpg","height":0,"width":0},"url":"https:\/\/www.uniad.cz\/mejte-svuj-macbook-stylovy-a-v-bezpeci\/","about":["Zbo\u017e\u00ed"],"wordCount":444,"articleBody":"   Kdy\u017e jsem si po\u0159\u00eddila sv\u016fj prvn\u00ed MacBook, m\u011bla jsem z n\u011bj \u00fapln\u011b skv\u011bl\u00fd pocit. Kr\u00e1sn\u00fd, elegantn\u00ed, lehk\u00fd, prost\u011b radost pohled\u011bt i pou\u017e\u00edvat. Ale \u010d\u00edm v\u00edc jsem ho brala s sebou do pr\u00e1ce, do kav\u00e1rny nebo jen tak na cesty, t\u00edm v\u00edc jsem si uv\u011bdomovala, jak je vlastn\u011b k\u0159ehk\u00fd. Sta\u010dilo p\u00e1r kl\u00ed\u010d\u016f v kabelce, ostr\u00fd zip nebo i jen p\u00e1r drobk\u016f, a na povrchu se objevily prvn\u00ed \u0161kr\u00e1bance. A pr\u00e1v\u011b tehdy mi do\u0161lo, \u017ee pot\u0159ebuji obal na Macbook. Up\u0159\u00edmn\u011b, v\u00fdb\u011br obalu byl v\u011bt\u0161\u00ed o\u0159\u00ed\u0161ek, ne\u017e jsem \u010dekala. Ne\u0161lo jen o to, aby se mi l\u00edbil. Najednou jsem \u0159e\u0161ila, jestli m\u00e1 b\u00fdt m\u011bkk\u00fd, nebo pevn\u00fd, jestli m\u00e1 kapsi\u010dky na nab\u00edje\u010dku, jak moc ochr\u00e1n\u00ed notebook, a hlavn\u011b jestli sedne p\u0159esn\u011b na m\u016fj model.Po p\u00e1r p\u0159e\u0161lapech jsem na\u0161la ten prav\u00fd, a dnes bych bez obalu MacBook z domu prost\u011b nevyt\u00e1hla. Obal mi p\u0159in\u00e1\u0161\u00ed hlavn\u011b klid. V\u00edm, \u017ee kdy\u017e m\u00e1m MacBook v kvalitn\u00edm polstrovan\u00e9m pouzd\u0159e, nemus\u00edm se b\u00e1t, \u017ee se mi v batohu nebo kabelce o n\u011bco po\u0161kr\u00e1be. Nav\u00edc mi u\u017e n\u011bkolikr\u00e1t zachr\u00e1nil po\u010d\u00edta\u010d, kdy\u017e jsem do batohu hodila kn\u00ed\u017eku nebo l\u00e1hev s vodou. A jednou, kdy\u017e m\u011b zastihl d\u00e9\u0161\u0165, jsem ocenila, \u017ee je obal i trochu vod\u011bodoln\u00fd. Ne \u017ee by p\u0159e\u017eil koupel, ale p\u00e1r kapek ho rozhodn\u011b nerozh\u00e1zelo. Co si budeme Macbook nen\u00ed \u00fapln\u011b nejlevn\u011bj\u0161\u00ed z\u00e1le\u017eitost, a proto jsem r\u00e1da, \u017ee je o n\u011bj dob\u0159e postar\u00e1no. Co m\u011b ale bav\u00ed nejv\u00edc je to, \u017ee obaly dnes vypadaj\u00ed fakt kr\u00e1sn\u011b. M\u016f\u017eete m\u00edt r\u016fzn\u00e9 vzory, barvy, materi\u00e1ly.No zkr\u00e1tka v\u0161e, na co si \u010dlov\u011bk vzpomene. J\u00e1 m\u00e1m moment\u00e1ln\u011b matn\u00fd, sv\u011btle r\u016f\u017eov\u00fd s jemnou strukturou a decentn\u00edm zlat\u00fdm zipem a v\u017edycky, kdy\u017e ho n\u011bkde vyt\u00e1hnu, dostanu pochvalu. Vlastn\u011b mi \u010dasto slou\u017e\u00ed i jako kabelka, kdy\u017e nepot\u0159ebuju nosit nic jin\u00e9ho. Je to prost\u011b skv\u011bl\u00e1 v\u011bc. Macbook je pro m\u011b hlavn\u00ed pracovn\u00ed n\u00e1stroj. A proto mi p\u0159ijde logick\u00e9 ho chr\u00e1nit. Kdy\u017e vezmu v \u00favahu, kolik stoj\u00ed opravy nebo v\u00fdm\u011bna displeje kv\u016fli \u0161kr\u00e1banc\u016fm nebo n\u00e1raz\u016fm, je p\u00e1r stovek za obal \u00fapln\u011b sm\u011b\u0161n\u00e1 \u010d\u00e1stka. A nav\u00edc, d\u00edky obalu po\u0159\u00e1d vypad\u00e1 jako nov\u00fd.                                                                                                                                                                                                                                                                                                                                                                                           3.9\/5 - (8 votes)        "},{"@context":"https:\/\/schema.org\/","@type":"BreadcrumbList","itemListElement":[{"@type":"ListItem","position":1,"name":"M\u011bjte sv\u016fj Macbook stylov\u00fd a v bezpe\u010d\u00ed","item":"https:\/\/www.uniad.cz\/mejte-svuj-macbook-stylovy-a-v-bezpeci\/#breadcrumbitem"}]}]