[{"@context":"https:\/\/schema.org\/","@type":"Blog","@id":"https:\/\/www.uniad.cz#Blog","headline":"Uniad","description":"\nN\u011bkter\u00e9 internetov\u00e9 str\u00e1nky se vyd\u00e1vaj\u00ed za nejlep\u0161\u00ed p\u0159\u00e1tele, a n\u011bkter\u00e9 na\u0161imi p\u0159\u00e1teli skute\u010dn\u011b jsou. A spolehn\u011bte se, \u017ee pr\u00e1v\u011b na\u0161e str\u00e1nka bude va\u0161\u00edm p\u0159\u00edtelem.","url":"https:\/\/www.uniad.cz","hasPart":[{"@type":"Article","@id":"https:\/\/www.uniad.cz\/generalni-uklid-bytu-pred-dulezitym-setkanim\/","headline":"Gener\u00e1ln\u00ed \u00faklid bytu p\u0159ed d\u016fle\u017eit\u00fdm setk\u00e1n\u00edm","url":"https:\/\/www.uniad.cz\/generalni-uklid-bytu-pred-dulezitym-setkanim\/","datePublished":"2025-07-05","dateModified":"2025-07-05","mainEntityOfPage":"https:\/\/www.uniad.cz\/generalni-uklid-bytu-pred-dulezitym-setkanim\/","author":{"@type":"Person","@id":"https:\/\/www.uniad.cz\/author\/#Person","name":"uniad.cz\n","url":"https:\/\/www.uniad.cz\/author\/","identifier":1,"image":{"@type":"ImageObject","@id":"https:\/\/secure.gravatar.com\/avatar\/06473a178d94fb830b46e277369729e9534f2612e261ec2f1ee96b672ef473e2?s=96&d=mm&r=g","url":"https:\/\/secure.gravatar.com\/avatar\/06473a178d94fb830b46e277369729e9534f2612e261ec2f1ee96b672ef473e2?s=96&d=mm&r=g","height":96,"width":96}},"publisher":{"@type":"Organization","name":"uniad.cz","logo":{"@type":"ImageObject","@id":"\/logo.png","url":"\/logo.png","width":600,"height":60}},"image":{"@type":"ImageObject","@id":"https:\/\/www.uniad.cz\/wp-content\/uploads\/vacuum-cleaner-657719_640_10_10_10_10_2.jpg","url":"https:\/\/www.uniad.cz\/wp-content\/uploads\/vacuum-cleaner-657719_640_10_10_10_10_2.jpg","height":0,"width":0},"wordCount":609,"keywords":null},{"@type":"Article","@id":"https:\/\/www.uniad.cz\/cigareta-ktera-nevadi\/","headline":"Cigareta, kter\u00e1 nevad\u00ed","url":"https:\/\/www.uniad.cz\/cigareta-ktera-nevadi\/","datePublished":"2025-06-03","dateModified":"2025-06-03","mainEntityOfPage":"https:\/\/www.uniad.cz\/cigareta-ktera-nevadi\/","author":{"@type":"Person","@id":"https:\/\/www.uniad.cz\/author\/#Person","name":"uniad.cz\n","url":"https:\/\/www.uniad.cz\/author\/","identifier":1,"image":{"@type":"ImageObject","@id":"https:\/\/secure.gravatar.com\/avatar\/06473a178d94fb830b46e277369729e9534f2612e261ec2f1ee96b672ef473e2?s=96&d=mm&r=g","url":"https:\/\/secure.gravatar.com\/avatar\/06473a178d94fb830b46e277369729e9534f2612e261ec2f1ee96b672ef473e2?s=96&d=mm&r=g","height":96,"width":96}},"publisher":{"@type":"Organization","name":"uniad.cz","logo":{"@type":"ImageObject","@id":"\/logo.png","url":"\/logo.png","width":600,"height":60}},"image":{"@type":"ImageObject","@id":"https:\/\/www.uniad.cz\/wp-content\/uploads\/vape-3571748_640_4.jpg","url":"https:\/\/www.uniad.cz\/wp-content\/uploads\/vape-3571748_640_4.jpg","height":0,"width":0},"wordCount":530,"keywords":null},{"@type":"Article","@id":"https:\/\/www.uniad.cz\/vhodny-typ-drevenych-oken\/","headline":"Vhodn\u00fd typ d\u0159ev\u011bn\u00fdch oken","url":"https:\/\/www.uniad.cz\/vhodny-typ-drevenych-oken\/","datePublished":"2025-05-01","dateModified":"2025-05-01","mainEntityOfPage":"https:\/\/www.uniad.cz\/vhodny-typ-drevenych-oken\/","author":{"@type":"Person","@id":"https:\/\/www.uniad.cz\/author\/#Person","name":"uniad.cz\n","url":"https:\/\/www.uniad.cz\/author\/","identifier":1,"image":{"@type":"ImageObject","@id":"https:\/\/secure.gravatar.com\/avatar\/06473a178d94fb830b46e277369729e9534f2612e261ec2f1ee96b672ef473e2?s=96&d=mm&r=g","url":"https:\/\/secure.gravatar.com\/avatar\/06473a178d94fb830b46e277369729e9534f2612e261ec2f1ee96b672ef473e2?s=96&d=mm&r=g","height":96,"width":96}},"publisher":{"@type":"Organization","name":"uniad.cz","logo":{"@type":"ImageObject","@id":"\/logo.png","url":"\/logo.png","width":600,"height":60}},"image":null,"wordCount":223,"keywords":null},{"@type":"Article","@id":"https:\/\/www.uniad.cz\/lozni-pradlo\/","headline":"Lo\u017en\u00ed pr\u00e1dlo","url":"https:\/\/www.uniad.cz\/lozni-pradlo\/","datePublished":"2025-04-23","dateModified":"2025-04-23","mainEntityOfPage":"https:\/\/www.uniad.cz\/lozni-pradlo\/","author":{"@type":"Person","@id":"https:\/\/www.uniad.cz\/author\/#Person","name":"uniad.cz\n","url":"https:\/\/www.uniad.cz\/author\/","identifier":1,"image":{"@type":"ImageObject","@id":"https:\/\/secure.gravatar.com\/avatar\/06473a178d94fb830b46e277369729e9534f2612e261ec2f1ee96b672ef473e2?s=96&d=mm&r=g","url":"https:\/\/secure.gravatar.com\/avatar\/06473a178d94fb830b46e277369729e9534f2612e261ec2f1ee96b672ef473e2?s=96&d=mm&r=g","height":96,"width":96}},"publisher":{"@type":"Organization","name":"uniad.cz","logo":{"@type":"ImageObject","@id":"\/logo.png","url":"\/logo.png","width":600,"height":60}},"image":null,"wordCount":209,"keywords":null},{"@type":"Article","@id":"https:\/\/www.uniad.cz\/jak-to-mate-se-spravou-svj-ve-vasem-dome\/","headline":"Jak to m\u00e1te se spr\u00e1vou SVJ ve va\u0161em dom\u011b","url":"https:\/\/www.uniad.cz\/jak-to-mate-se-spravou-svj-ve-vasem-dome\/","datePublished":"2025-04-18","dateModified":"2025-04-18","mainEntityOfPage":"https:\/\/www.uniad.cz\/jak-to-mate-se-spravou-svj-ve-vasem-dome\/","author":{"@type":"Person","@id":"https:\/\/www.uniad.cz\/author\/#Person","name":"uniad.cz\n","url":"https:\/\/www.uniad.cz\/author\/","identifier":1,"image":{"@type":"ImageObject","@id":"https:\/\/secure.gravatar.com\/avatar\/06473a178d94fb830b46e277369729e9534f2612e261ec2f1ee96b672ef473e2?s=96&d=mm&r=g","url":"https:\/\/secure.gravatar.com\/avatar\/06473a178d94fb830b46e277369729e9534f2612e261ec2f1ee96b672ef473e2?s=96&d=mm&r=g","height":96,"width":96}},"publisher":{"@type":"Organization","name":"uniad.cz","logo":{"@type":"ImageObject","@id":"\/logo.png","url":"\/logo.png","width":600,"height":60}},"image":{"@type":"ImageObject","@id":"https:\/\/www.uniad.cz\/wp-content\/uploads\/prefabricated-house-930190_640_10_10_1.jpg","url":"https:\/\/www.uniad.cz\/wp-content\/uploads\/prefabricated-house-930190_640_10_10_1.jpg","height":0,"width":0},"wordCount":531,"keywords":null},{"@type":"Article","@id":"https:\/\/www.uniad.cz\/motoinzerce\/","headline":"Motoinzerce","url":"https:\/\/www.uniad.cz\/motoinzerce\/","datePublished":"2025-04-17","dateModified":"2025-04-17","mainEntityOfPage":"https:\/\/www.uniad.cz\/motoinzerce\/","author":{"@type":"Person","@id":"https:\/\/www.uniad.cz\/author\/#Person","name":"uniad.cz\n","url":"https:\/\/www.uniad.cz\/author\/","identifier":1,"image":{"@type":"ImageObject","@id":"https:\/\/secure.gravatar.com\/avatar\/06473a178d94fb830b46e277369729e9534f2612e261ec2f1ee96b672ef473e2?s=96&d=mm&r=g","url":"https:\/\/secure.gravatar.com\/avatar\/06473a178d94fb830b46e277369729e9534f2612e261ec2f1ee96b672ef473e2?s=96&d=mm&r=g","height":96,"width":96}},"publisher":{"@type":"Organization","name":"uniad.cz","logo":{"@type":"ImageObject","@id":"\/logo.png","url":"\/logo.png","width":600,"height":60}},"image":null,"wordCount":210,"keywords":null},{"@type":"Article","@id":"https:\/\/www.uniad.cz\/mejte-svuj-macbook-stylovy-a-v-bezpeci\/","headline":"M\u011bjte sv\u016fj Macbook stylov\u00fd a v bezpe\u010d\u00ed","url":"https:\/\/www.uniad.cz\/mejte-svuj-macbook-stylovy-a-v-bezpeci\/","datePublished":"2025-04-15","dateModified":"2025-04-15","mainEntityOfPage":"https:\/\/www.uniad.cz\/mejte-svuj-macbook-stylovy-a-v-bezpeci\/","author":{"@type":"Person","@id":"https:\/\/www.uniad.cz\/author\/#Person","name":"uniad.cz\n","url":"https:\/\/www.uniad.cz\/author\/","identifier":1,"image":{"@type":"ImageObject","@id":"https:\/\/secure.gravatar.com\/avatar\/06473a178d94fb830b46e277369729e9534f2612e261ec2f1ee96b672ef473e2?s=96&d=mm&r=g","url":"https:\/\/secure.gravatar.com\/avatar\/06473a178d94fb830b46e277369729e9534f2612e261ec2f1ee96b672ef473e2?s=96&d=mm&r=g","height":96,"width":96}},"publisher":{"@type":"Organization","name":"uniad.cz","logo":{"@type":"ImageObject","@id":"\/logo.png","url":"\/logo.png","width":600,"height":60}},"image":{"@type":"ImageObject","@id":"https:\/\/www.uniad.cz\/wp-content\/uploads\/obal%20na%20macbook%201.jpg","url":"https:\/\/www.uniad.cz\/wp-content\/uploads\/obal%20na%20macbook%201.jpg","height":0,"width":0},"wordCount":541,"keywords":null},{"@type":"Article","@id":"https:\/\/www.uniad.cz\/ubytovani-ktere-vam-prospeje\/","headline":"Ubytov\u00e1n\u00ed, kter\u00e9 v\u00e1m prosp\u011bje","url":"https:\/\/www.uniad.cz\/ubytovani-ktere-vam-prospeje\/","datePublished":"2025-04-10","dateModified":"2025-04-10","mainEntityOfPage":"https:\/\/www.uniad.cz\/ubytovani-ktere-vam-prospeje\/","author":{"@type":"Person","@id":"https:\/\/www.uniad.cz\/author\/#Person","name":"uniad.cz\n","url":"https:\/\/www.uniad.cz\/author\/","identifier":1,"image":{"@type":"ImageObject","@id":"https:\/\/secure.gravatar.com\/avatar\/06473a178d94fb830b46e277369729e9534f2612e261ec2f1ee96b672ef473e2?s=96&d=mm&r=g","url":"https:\/\/secure.gravatar.com\/avatar\/06473a178d94fb830b46e277369729e9534f2612e261ec2f1ee96b672ef473e2?s=96&d=mm&r=g","height":96,"width":96}},"publisher":{"@type":"Organization","name":"uniad.cz","logo":{"@type":"ImageObject","@id":"\/logo.png","url":"\/logo.png","width":600,"height":60}},"image":null,"wordCount":226,"keywords":null},{"@type":"Article","@id":"https:\/\/www.uniad.cz\/tommy-hilfiger\/","headline":"Tommy Hilfiger","url":"https:\/\/www.uniad.cz\/tommy-hilfiger\/","datePublished":"2025-03-31","dateModified":"2025-03-31","mainEntityOfPage":"https:\/\/www.uniad.cz\/tommy-hilfiger\/","author":{"@type":"Person","@id":"https:\/\/www.uniad.cz\/author\/#Person","name":"uniad.cz\n","url":"https:\/\/www.uniad.cz\/author\/","identifier":1,"image":{"@type":"ImageObject","@id":"https:\/\/secure.gravatar.com\/avatar\/06473a178d94fb830b46e277369729e9534f2612e261ec2f1ee96b672ef473e2?s=96&d=mm&r=g","url":"https:\/\/secure.gravatar.com\/avatar\/06473a178d94fb830b46e277369729e9534f2612e261ec2f1ee96b672ef473e2?s=96&d=mm&r=g","height":96,"width":96}},"publisher":{"@type":"Organization","name":"uniad.cz","logo":{"@type":"ImageObject","@id":"\/logo.png","url":"\/logo.png","width":600,"height":60}},"image":null,"wordCount":218,"keywords":null},{"@type":"Article","@id":"https:\/\/www.uniad.cz\/jak-vyzrat-na-alergie\/","headline":"Jak vyzr\u00e1t na alergie?","url":"https:\/\/www.uniad.cz\/jak-vyzrat-na-alergie\/","datePublished":"2025-03-25","dateModified":"2025-03-25","mainEntityOfPage":"https:\/\/www.uniad.cz\/jak-vyzrat-na-alergie\/","author":{"@type":"Person","@id":"https:\/\/www.uniad.cz\/author\/#Person","name":"uniad.cz\n","url":"https:\/\/www.uniad.cz\/author\/","identifier":1,"image":{"@type":"ImageObject","@id":"https:\/\/secure.gravatar.com\/avatar\/06473a178d94fb830b46e277369729e9534f2612e261ec2f1ee96b672ef473e2?s=96&d=mm&r=g","url":"https:\/\/secure.gravatar.com\/avatar\/06473a178d94fb830b46e277369729e9534f2612e261ec2f1ee96b672ef473e2?s=96&d=mm&r=g","height":96,"width":96}},"publisher":{"@type":"Organization","name":"uniad.cz","logo":{"@type":"ImageObject","@id":"\/logo.png","url":"\/logo.png","width":600,"height":60}},"image":{"@type":"ImageObject","@id":"https:\/\/www.uniad.cz\/wp-content\/uploads\/sewing-661992_640_3.jpg","url":"https:\/\/www.uniad.cz\/wp-content\/uploads\/sewing-661992_640_3.jpg","height":0,"width":0},"wordCount":584,"keywords":null}]},{"@context":"https:\/\/schema.org","@type":"WebSite","@id":"https:\/\/www.uniad.cz\/#website","name":"Uniad","url":"https:\/\/www.uniad.cz","potentialAction":{"@type":"SearchAction","target":"https:\/\/www.uniad.cz\/?s={search_term_string}","query-input":"required name=search_term_string"}}]