[{"@context":"https:\/\/schema.org\/","@type":"Article","@id":"https:\/\/www.uniad.cz\/slo-by-to-i-bez-kofeinu\/#Article","mainEntityOfPage":"https:\/\/www.uniad.cz\/slo-by-to-i-bez-kofeinu\/","headline":"\u0160lo by to i bez kofeinu","name":"\u0160lo by to i bez kofeinu","description":"Nen\u00ed \u010daj jako \u010daj Kdy\u017e k v\u00e1m na n\u00e1v\u0161t\u011bvu zav\u00edt\u00e1 n\u011bkdo z p\u0159\u00edbuzn\u00fdch a zn\u00e1m\u00fdch, anebo objednan\u00fd \u0159emesln\u00edk \u010di \u00fa\u0159edn\u00edk,&hellip;","datePublished":"2023-09-23","dateModified":"2023-10-31","author":{"@type":"Person","@id":"https:\/\/www.uniad.cz\/author\/#Person","name":"uniad.cz\n","url":"https:\/\/www.uniad.cz\/author\/","identifier":1,"image":{"@type":"ImageObject","@id":"https:\/\/secure.gravatar.com\/avatar\/06473a178d94fb830b46e277369729e9534f2612e261ec2f1ee96b672ef473e2?s=96&d=mm&r=g","url":"https:\/\/secure.gravatar.com\/avatar\/06473a178d94fb830b46e277369729e9534f2612e261ec2f1ee96b672ef473e2?s=96&d=mm&r=g","height":96,"width":96}},"publisher":{"@type":"Organization","name":"uniad.cz","logo":{"@type":"ImageObject","@id":"\/logo.png","url":"\/logo.png","width":600,"height":60}},"image":{"@type":"ImageObject","@id":"https:\/\/www.uniad.cz\/wp-content\/uploads\/rooibos-2675473_640_9.jpg","url":"https:\/\/www.uniad.cz\/wp-content\/uploads\/rooibos-2675473_640_9.jpg","height":0,"width":0},"url":"https:\/\/www.uniad.cz\/slo-by-to-i-bez-kofeinu\/","about":["Slu\u017eby"],"wordCount":406,"articleBody":"      Nen\u00ed \u010daj jako \u010dajKdy\u017e k v\u00e1m na n\u00e1v\u0161t\u011bvu zav\u00edt\u00e1 n\u011bkdo z p\u0159\u00edbuzn\u00fdch a zn\u00e1m\u00fdch, anebo objednan\u00fd \u0159emesln\u00edk \u010di \u00fa\u0159edn\u00edk, b\u00fdv\u00e1 zvykem nab\u00eddnout \u010daj nebo k\u00e1vu. Jde o zdvo\u0159il\u00e9 gesto, kter\u00fdm rozhodn\u011b nic nepokaz\u00edte. Pokud n\u00e1v\u0161t\u011bva tepl\u00e9 n\u00e1poje odm\u00edtne, jsou i dal\u0161\u00ed mo\u017enosti, jak nab\u00eddnout n\u011bco k pit\u00ed, nap\u0159\u00edklad miner\u00e1lku nebo d\u017eus, ov\u0161em posezen\u00ed nad hork\u00fdm \u0161\u00e1lkem m\u00e1 sv\u00e9 osobit\u00e9 kouzlo a obvykle sv\u00e1d\u00ed k alespo\u0148 kr\u00e1tk\u00e9 rozmluv\u011b.Zvol\u00ed-li si n\u011bkdo p\u0159ece jen \u010daj, m\u016f\u017eete nab\u00eddnout ten klasick\u00fd \u010dern\u00fd \u010di zelen\u00fd s obsahem kofeinu (teinu), ale \u0161lo by to i bez kofeinu. Ne v\u017edy se ov\u0161em hod\u00ed \u010daje ovocn\u00e9, zejm\u00e9na v zimn\u00edm obdob\u00ed, proto\u017ee sp\u00ed\u0161e organismus ochlazuj\u00ed, a bylinkov\u00e9 \u010daje zas ka\u017ed\u00e9mu nemus\u00ed vyhovovat svou sv\u00e9r\u00e1znou chut\u00ed a vyb\u00edrat mezi bylinkami tu pravou je n\u011bkdy docela n\u00e1ro\u010dn\u00e9.Toto je vhodn\u00e1 chv\u00edle pro Rooibos \u010daj. Je to jeden z nejobl\u00edben\u011bj\u0161\u00edch bezkofeinov\u00fdch \u010daj\u016f na trhu, kter\u00fd lze pod\u00e1vat komukoli a kdykoli, p\u0159i sv\u00e1te\u010dn\u00ed p\u0159\u00edle\u017eitosti i o v\u0161edn\u00edch dnech. Vynik\u00e1 v\u00fdraznou, zvl\u00e1\u0161tn\u00ed medovou p\u0159\u00edchut\u00ed a krom\u011b toho, \u017ee je lahodn\u00fd i bez oslazen\u00ed, n\u00e1lev vytvo\u0159\u00ed velmi p\u016fsobivou \u010dervenohn\u011bdou barvu.Nen\u00ed kafe jako kafeMilovn\u00edci k\u00e1vy, kte\u0159\u00ed se tak\u00e9 vyh\u00fdbaj\u00ed kofeinu, v\u0161ak nemus\u00ed b\u00fdt z\u00e1visl\u00ed pouze na mlet\u00e9 pra\u017een\u00e9 k\u00e1v\u011b bez kofeinu, mnohem zdrav\u011bj\u0161\u00ed variantou bezkofeinov\u00e9 k\u00e1vy je k\u00e1va obiln\u00e1. P\u0159iprav\u00edte ji kombinac\u00ed cikorky (\u010dekanky) a pra\u017een\u00e9ho mlet\u00e9ho \u017eita. Existuje tak\u00e9 k\u00e1va \u00c1jurv\u00e9dsk\u00e1, p\u0159ipraven\u00e1 z pra\u017een\u00fdch rozemlet\u00fdch ko\u0159en\u016f adaptogenn\u00edch bylin, nap\u0159\u00edklad Vit\u00e1nie snod\u00e1rn\u00e9 (Ashwagandhy) nebo Bacopa monieri (Brahmi).Po\u017eitek z k\u00e1vy bez kofeinu si m\u016f\u017eete dop\u0159\u00e1t v interi\u00e9ru i venku na zahrad\u011b a absence kofeinu v\u00e1s posune bl\u00ed\u017ee ke zdrav\u00e9mu zp\u016fsobu \u017eivota. I bez kofeinu lze \u017e\u00edt a \u201enorm\u00e1ln\u011b\u201c fungovat, chce to jen v\u00edce se zaj\u00edmat o zdravou v\u00fd\u017eivu, tedy o to, co si pokl\u00e1d\u00e1te na tal\u00ed\u0159 a n\u00e1sledn\u011b vkl\u00e1d\u00e1te do \u00fast.                                                                                                                                                                                                                                                                                                                                                                                          4.3\/5 - (9 votes)        "},{"@context":"https:\/\/schema.org\/","@type":"BreadcrumbList","itemListElement":[{"@type":"ListItem","position":1,"name":"\u0160lo by to i bez kofeinu","item":"https:\/\/www.uniad.cz\/slo-by-to-i-bez-kofeinu\/#breadcrumbitem"}]}]